{"id":1728,"date":"2024-03-20T12:49:58","date_gmt":"2024-03-20T11:49:58","guid":{"rendered":"https:\/\/paolinadigital.fr\/?p=1728"},"modified":"2024-03-20T12:50:00","modified_gmt":"2024-03-20T11:50:00","slug":"quel-reseau-social-est-le-plus-adapte-pour-le-b2b","status":"publish","type":"post","link":"https:\/\/paolinadigital.fr\/fr_fr\/quel-reseau-social-est-le-plus-adapte-pour-le-b2b\/","title":{"rendered":"Quel r\u00e9seau social est le plus adapt\u00e9 pour le B2B ?"},"content":{"rendered":"<h1 class=\"wp-block-heading\"><span style=\"color: var(--theme-palette-color-4, #000000);\" class=\"stk-highlight\">Chacun chez sois : le B2B et le B2C sur les r\u00e9seaux sociaux<\/span><\/h1>\n\n\n\n<h2 class=\"wp-block-heading has-medium-font-size\">Sur les r\u00e9seaux sociaux, B2B et B2C ne se ressemblent pas : adapte ta strat\u00e9gie et actionner pour attirer correctement ton public cible.<\/h2>\n\n\n\n<p class=\"has-medium-font-size\" id=\"ember1414\" data-block-type=\"core\">Ah bon? Linkedin c&#8217;est juste que pour chercher un job en tant que salari\u00e9! <strong>No John.<\/strong><\/p>\n\n\n\n<p class=\"has-medium-font-size\" id=\"ember1414\" data-block-type=\"core\"><em>Et Tiktok c&#8217;est \u00e7a la mode? N&#8217;est pas? <\/em><strong>No John.<\/strong><\/p>\n\n\n\n<p class=\"has-medium-font-size\" id=\"ember1416\" data-block-type=\"core\"><strong>Ne fais pas comme tout le monde, car tu risquerais de te fonder dans la masse.<\/strong><\/p>\n\n\n\n<h3 class=\"wp-block-heading\">\ud83d\udc9c Je parle de plateformes:<br><\/h3>\n\n\n\n<p class=\"has-medium-font-size\" id=\"ember1419\" data-block-type=\"core\"><strong>B2B: <\/strong>Tu utiliseras principalement&nbsp;LinkedIn (pour la gros majorit\u00e9 )&nbsp;pour \u00e9tablir des liens professionnels, construire ton leadership d&#8217;opinion et g\u00e9n\u00e9rer des leads. D&#8217;autres plateformes comme&nbsp;Twitter&nbsp;peuvent \u00eatre pr\u00e9cieuses pour suivre l&#8217;actualit\u00e9 du secteur et interagir avec d&#8217;autres professionnels.<\/p>\n\n\n\n<p class=\"has-medium-font-size\" id=\"ember1420\" data-block-type=\"core\">Essaie m\u00eame de trouver le r\u00e9seau qui rassemble ta guilde et s&#8217;il n&#8217;existe pas, ce n&#8217;est pas une mauvaise id\u00e9e d&#8217;en cr\u00e9er un.<\/p>\n\n\n\n<p class=\"has-medium-font-size\" id=\"ember1421\" data-block-type=\"core\"><strong>AIRBNB <\/strong>c&#8217;est ton lieu si tu fais de tourisme par example!<\/p>\n\n\n\n<p class=\"has-medium-font-size\" id=\"ember1422\" data-block-type=\"core\"><strong>B2C: <\/strong>Tu exploiteras une gamme plus large de plateformes comme&nbsp;Facebook, Instagram, YouTube et TikTok&nbsp;en fonction de la cible d\u00e9mographique et du message de la marque. Ces plateformes permettent une approche plus visuelle et interactive, favorisant la notori\u00e9t\u00e9 de la marque et l&#8217;engagement. D&#8217;ailleurs, tu n&#8217;as pas besoin d&#8217;aller les chercher. Tout le monde est l\u00e0.<\/p>\n\n\n\n<p class=\"has-medium-font-size\" id=\"ember1423\" data-block-type=\"core\"><strong>Vinted<\/strong> si tu vends des produits, vetements, etc.. Dans ce r\u00e9seau, il n&#8217;y a pas seulement les personnes qui ach\u00e8tent des produits d&#8217;occasion, <strong>il y a aussi l&#8217;acheteur.<\/strong><\/p>\n\n\n\n<h4 class=\"wp-block-heading\">\ud83d\udc9c Je parle de strat\u00e9gie de contenu:<\/h4>\n\n\n\n<p class=\"has-medium-font-size\" id=\"ember1426\" data-block-type=\"core\"><strong>B2B:<\/strong> Tu te concentreras sur du <strong>contenu&nbsp;\u00e9ducatif et informatif <\/strong>tel que des rapports sectoriels, des livres blancs, des \u00e9tudes de cas et des webinaires d&#8217;experts. Le contenu g\u00e9n\u00e9r\u00e9 par les utilisateurs mettant en valeur les success stories de clients peut \u00e9galement \u00eatre puissant. Le ton est souvent professionnel et informatif. Mais \u00e7a depend de ta marque aussi!<\/p>\n\n\n\n<p class=\"has-medium-font-size\" id=\"ember1427\" data-block-type=\"core\"><strong>B2C:<\/strong> Tu cr\u00e9eras du contenu\u00a0plus engageant et visuellement attrayant\u00a0comme des photos, des vid\u00e9os, des infographies et des sondages interactifs. Le contenu g\u00e9n\u00e9r\u00e9 par les utilisateurs et le marketing d&#8217;influence jouent un r\u00f4le important dans la construction de l&#8217;affinit\u00e9 de marque et de la communaut\u00e9. Le ton peut \u00eatre plus informel, humoristique ou m\u00eame \u00e9motionnel selon la marque et le public cible.<\/p>\n\n\n\n<h5 class=\"wp-block-heading\" style=\"font-size:clamp(16.293px, 1.018rem + ((1vw - 3.2px) * 0.68), 25px);\">\u00a0\ud83d\udc9c Je parle d&#8217;engagement:<\/h5>\n\n\n\n<p class=\"has-medium-font-size\" id=\"ember1430\" data-block-type=\"core\"><strong>B2B:<\/strong> Tu encourageras les&nbsp;discussions sur le leadership d&#8217;opinion, les insights du secteur et le r\u00e9seautage professionnel.&nbsp;Tu r\u00e9pondras aux commentaires et aux questions de mani\u00e8re opportune et informative. Ne sois pas obs\u00e9d\u00e9 par le fait de devenir viral.<\/p>\n\n\n\n<p class=\"has-medium-font-size\" id=\"ember1431\" data-block-type=\"core\"><strong>B2C:<\/strong> Tu favoriseras les\u00a0conversations l\u00e9g\u00e8res, l&#8217;interaction avec la marque et l&#8217;engagement communautaire.\u00a0Tu construiras la personnalit\u00e9 de la marque et fid\u00e9liseras la client\u00e8le gr\u00e2ce \u00e0 des publications interactives, des concours et des interactions avec le service client.<\/p>\n\n\n\n<p id=\"ember1433\" data-block-type=\"core\">\ud83d\udc9c\ud83d\udc9c\ud83d\udc9c<\/p>\n\n\n\n<p class=\"has-medium-font-size\" id=\"ember1435\" data-block-type=\"core\">Les r\u00e9seaux sociaux offrent une plateforme pr\u00e9cieuse pour le marketing B2B et B2C, mais comprendre les besoins et le public sp\u00e9cifiques est crucial pour d\u00e9velopper une strat\u00e9gie efficace.<\/p>\n\n\n\n<p class=\"has-medium-font-size\" id=\"ember1437\" data-block-type=\"core\"><strong><span style=\"color: var(--theme-palette-color-1, #a50a95);\" class=\"stk-highlight\">Merci d&#8217;avoir lu!<\/span><\/strong><\/p>\n\n\n\n<p id=\"ember1438\" data-block-type=\"core\">\u2705 Repartage aux entrepreneurs, marketers de ton r\u00e9seau..c&#8217;est gratuite! et je te remercie!! \ud83d\ude2c<\/p>\n\n\n\n<p data-block-type=\"core\"><\/p>","protected":false},"excerpt":{"rendered":"<p>Chacun chez sois : le B2B et le B2C sur les r\u00e9seaux sociaux Sur les r\u00e9seaux sociaux, B2B et B2C ne se ressemblent pas : adapte ta strat\u00e9gie et actionner pour attirer correctement ton public cible. Ah bon? Linkedin c&#8217;est juste que pour chercher un job en tant que salari\u00e9! No John. Et Tiktok c&#8217;est [&hellip;]<\/p>\n","protected":false},"author":1,"featured_media":1733,"comment_status":"closed","ping_status":"open","sticky":false,"template":"","format":"standard","meta":{"content-type":"","footnotes":""},"categories":[3],"tags":[9,12,7],"class_list":["post-1728","post","type-post","status-publish","format-standard","has-post-thumbnail","hentry","category-social-media","tag-instagram","tag-linkedin","tag-tiktok"],"blocksy_meta":[],"_links":{"self":[{"href":"https:\/\/paolinadigital.fr\/fr_fr\/wp-json\/wp\/v2\/posts\/1728","targetHints":{"allow":["GET"]}}],"collection":[{"href":"https:\/\/paolinadigital.fr\/fr_fr\/wp-json\/wp\/v2\/posts"}],"about":[{"href":"https:\/\/paolinadigital.fr\/fr_fr\/wp-json\/wp\/v2\/types\/post"}],"author":[{"embeddable":true,"href":"https:\/\/paolinadigital.fr\/fr_fr\/wp-json\/wp\/v2\/users\/1"}],"replies":[{"embeddable":true,"href":"https:\/\/paolinadigital.fr\/fr_fr\/wp-json\/wp\/v2\/comments?post=1728"}],"version-history":[{"count":0,"href":"https:\/\/paolinadigital.fr\/fr_fr\/wp-json\/wp\/v2\/posts\/1728\/revisions"}],"wp:featuredmedia":[{"embeddable":true,"href":"https:\/\/paolinadigital.fr\/fr_fr\/wp-json\/wp\/v2\/media\/1733"}],"wp:attachment":[{"href":"https:\/\/paolinadigital.fr\/fr_fr\/wp-json\/wp\/v2\/media?parent=1728"}],"wp:term":[{"taxonomy":"category","embeddable":true,"href":"https:\/\/paolinadigital.fr\/fr_fr\/wp-json\/wp\/v2\/categories?post=1728"},{"taxonomy":"post_tag","embeddable":true,"href":"https:\/\/paolinadigital.fr\/fr_fr\/wp-json\/wp\/v2\/tags?post=1728"}],"curies":[{"name":"wp","href":"https:\/\/api.w.org\/{rel}","templated":true}]}}