{"id":1769,"date":"2024-04-17T10:46:49","date_gmt":"2024-04-17T08:46:49","guid":{"rendered":"https:\/\/paolinadigital.fr\/?p=1769"},"modified":"2025-12-12T12:54:33","modified_gmt":"2025-12-12T11:54:33","slug":"go-entrepreneur-2024","status":"publish","type":"post","link":"https:\/\/paolinadigital.fr\/fr_fr\/go-entrepreneur-2024\/","title":{"rendered":"Go Entrepreneur 2024"},"content":{"rendered":"<p class=\"has-medium-font-size\" data-block-type=\"core\">Ce n&#8217;est pas un article de mon blog traditionnel, mais je veux te parler de mon exp\u00e9rience en tant <strong>qu&#8217;entrepreneuse immigr\u00e9.<\/strong><\/p>\n\n\n\n<h1 class=\"wp-block-heading\">Le salon des entrepreneurs plus important de France <\/h1>\n\n\n\n<p class=\"has-medium-font-size\" data-block-type=\"core\">Une amie colombienne, fan de Paolina Digital, est la personne qui m&#8217;a parl\u00e9 de l&#8217;\u00e9v\u00e9nement. Et il m&#8217;a dit : &#8220;Tu dois y aller&#8221;.<\/p>\n\n\n\n<figure class=\"wp-block-image size-large\" data-block-type=\"core\"><img loading=\"lazy\" decoding=\"async\" width=\"1024\" height=\"538\" src=\"https:\/\/paolinadigital.fr\/wp-content\/uploads\/2024\/04\/goenterpreneur-2024-2-1024x538.png\" alt=\"\" class=\"wp-image-1789\" srcset=\"https:\/\/paolinadigital.fr\/wp-content\/uploads\/2024\/04\/goenterpreneur-2024-2-1024x538.png 1024w, https:\/\/paolinadigital.fr\/wp-content\/uploads\/2024\/04\/goenterpreneur-2024-2-300x158.png 300w, https:\/\/paolinadigital.fr\/wp-content\/uploads\/2024\/04\/goenterpreneur-2024-2-768x403.png 768w, https:\/\/paolinadigital.fr\/wp-content\/uploads\/2024\/04\/goenterpreneur-2024-2.png 1200w\" sizes=\"auto, (max-width: 1024px) 100vw, 1024px\" \/><\/figure>\n\n\n\n<p class=\"has-medium-font-size\" data-block-type=\"core\"><strong>Et elle avait raison<\/strong>. Le salon de Paris a \u00e9t\u00e9 un concentr\u00e9 d&#8217;inspiration et d&#8217;\u00e9nergie entrepreneuriale. Surtout si vous \u00eates un immigr\u00e9 et que vous avez besoin de vous constituer un r\u00e9seau.<\/p>\n\n\n\n<h2 class=\"wp-block-heading has-large-font-size\"><br>Conf\u00e9rences, ateliers, rencontres inspirantes&#8230;<\/h2>\n\n\n\n<p data-block-type=\"core\"><\/p>\n\n\n\n<p class=\"has-medium-font-size\" data-block-type=\"core\">Mes pr\u00e9f\u00e9r\u00e9s que j&#8217;ai pu voir :<\/p>\n\n\n\n<p class=\"has-medium-font-size\" data-block-type=\"core\">\ud83d\udca5<strong><a href=\"https:\/\/www.go-entrepreneurs.com\/fr\/replay\/mode-et-beaute-entreprendre-de-la-tete-aux-pieds\/\" target=\"_blank\" rel=\"noreferrer noopener\"> Mode et beaut\u00e9, entreprendre de la t\u00eate aux pieds &#8211; Avec Carole Benaroya (Kujten), Coline Bertrand (La Ros\u00e9e) et Katalin Berenyi (Clarins).<\/a><\/strong><\/p>\n\n\n\n<p class=\"has-medium-font-size\" data-block-type=\"core\">\ud83d\udca5 <strong><a href=\"https:\/\/www.go-entrepreneurs.com\/fr\/replay\/echec-mais-pas-mat-comment-rebondir\/\">Echec mais pas mat : comment rebondir ? &#8211; Avec Sandra Rey, Carole Juge-Llewellyn et Alban Sayag.<\/a><\/strong><\/p>\n\n\n\n<p data-block-type=\"core\"><\/p>\n\n\n\n<p class=\"has-medium-font-size\" data-block-type=\"core\">\ud83d\ude4b\ud83c\udffb\u200d\u2640\ufe0f J&#8217;ai pu nourrir ma r\u00e9flexion et d\u00e9couvrir de nouvelles perspectives pour ma <a href=\"https:\/\/www.linkedin.com\/company\/paolina-digital\/\"><strong>Paolina Digital<\/strong><\/a><\/p>\n\n\n\n<h3 class=\"wp-block-heading has-large-font-size\"><strong>J&#8217;ai \u00e9chang\u00e9 avec des entrepreneurs passionn\u00e9s : <\/strong><\/h3>\n\n\n\n<p class=\"has-medium-font-size\" data-block-type=\"core\">\u2b50\ufe0f Booster Academy &#8211; Les ventes avec  <a href=\"https:\/\/www.linkedin.com\/in\/jean-godvin-50474172\/\">Jean GODVIN<\/a><\/p>\n\n\n\n<p class=\"has-medium-font-size\" data-block-type=\"core\">\u2b50\ufe0f Le <a href=\"https:\/\/www.linkedin.com\/in\/valentin-de-morais-22101994\/\">comptable &#8211; Valentin De Morais<\/a><\/p>\n\n\n\n<p class=\"has-medium-font-size\" data-block-type=\"core\">\u2b50\ufe0f <a href=\"https:\/\/www.linkedin.com\/in\/paolamorenog\/\">Paola Moreno<\/a> &#8211; Entrepreneuse \u00e9galement \u00e0 la recherche d&#8217;un parcours en Marketing situ\u00e9 \u00e0 Paris<\/p>\n\n\n\n<p data-block-type=\"core\"><\/p>\n\n\n\n<blockquote class=\"wp-block-quote is-layout-flow wp-block-quote-is-layout-flow\" data-block-type=\"core\">\n<h4 class=\"wp-block-heading has-medium-font-size\">J&#8217;ai nou\u00e9 des contacts pr\u00e9cieux et d\u00e9couvert les nombreux syst\u00e8mes de soutien disponibles en France (BPI, Adie, BGE, etc) <\/h4>\n<\/blockquote>\n\n\n\n<p data-block-type=\"core\"><br><strong><a href=\"https:\/\/www.go-entrepreneurs.com\/fr\/paris\/\">Go Entrepreneur<\/a><\/strong> m&#8217;a donn\u00e9 envie de me surpasser et de faire grandir mes horizons!<br><br>Si vous \u00eates entrepreneur, foncez !<br><br><strong>C&#8217;est une exp\u00e9rience \u00e0 ne pas manquer.<\/strong><br><\/p>","protected":false},"excerpt":{"rendered":"<p>Ce n&#8217;est pas un article de mon blog traditionnel, mais je veux te parler de mon exp\u00e9rience en tant qu&#8217;entrepreneuse immigr\u00e9. Le salon des entrepreneurs plus important de France Une amie colombienne, fan de Paolina Digital, est la personne qui m&#8217;a parl\u00e9 de l&#8217;\u00e9v\u00e9nement. Et il m&#8217;a dit : &#8220;Tu dois y aller&#8221;. Et elle [&hellip;]<\/p>\n","protected":false},"author":1,"featured_media":1786,"comment_status":"closed","ping_status":"closed","sticky":false,"template":"","format":"standard","meta":{"content-type":"","footnotes":""},"categories":[19],"tags":[15,16],"class_list":["post-1769","post","type-post","status-publish","format-standard","has-post-thumbnail","hentry","category-entrepreneur","tag-entrepreneur","tag-goentrepreneur-paris"],"blocksy_meta":[],"_links":{"self":[{"href":"https:\/\/paolinadigital.fr\/fr_fr\/wp-json\/wp\/v2\/posts\/1769","targetHints":{"allow":["GET"]}}],"collection":[{"href":"https:\/\/paolinadigital.fr\/fr_fr\/wp-json\/wp\/v2\/posts"}],"about":[{"href":"https:\/\/paolinadigital.fr\/fr_fr\/wp-json\/wp\/v2\/types\/post"}],"author":[{"embeddable":true,"href":"https:\/\/paolinadigital.fr\/fr_fr\/wp-json\/wp\/v2\/users\/1"}],"replies":[{"embeddable":true,"href":"https:\/\/paolinadigital.fr\/fr_fr\/wp-json\/wp\/v2\/comments?post=1769"}],"version-history":[{"count":0,"href":"https:\/\/paolinadigital.fr\/fr_fr\/wp-json\/wp\/v2\/posts\/1769\/revisions"}],"wp:featuredmedia":[{"embeddable":true,"href":"https:\/\/paolinadigital.fr\/fr_fr\/wp-json\/wp\/v2\/media\/1786"}],"wp:attachment":[{"href":"https:\/\/paolinadigital.fr\/fr_fr\/wp-json\/wp\/v2\/media?parent=1769"}],"wp:term":[{"taxonomy":"category","embeddable":true,"href":"https:\/\/paolinadigital.fr\/fr_fr\/wp-json\/wp\/v2\/categories?post=1769"},{"taxonomy":"post_tag","embeddable":true,"href":"https:\/\/paolinadigital.fr\/fr_fr\/wp-json\/wp\/v2\/tags?post=1769"}],"curies":[{"name":"wp","href":"https:\/\/api.w.org\/{rel}","templated":true}]}}